{"id":177,"date":"2020-08-29T18:43:12","date_gmt":"2020-08-29T16:43:12","guid":{"rendered":"http:\/\/redon-rey.com.optimal-it.fr\/?p=177"},"modified":"2020-08-29T18:45:15","modified_gmt":"2020-08-29T16:45:15","slug":"il-faut-rediger-correctement-le-conge-pour-vendre","status":"publish","type":"post","link":"https:\/\/redon-rey.com\/index.php\/2020\/08\/29\/il-faut-rediger-correctement-le-conge-pour-vendre\/","title":{"rendered":"IL FAUT REDIGER CORRECTEMENT LE CONGE POUR VENDRE"},"content":{"rendered":"\n<p>L&rsquo;arr\u00eat de la 3\u00e8me chambre civile de la Cour de cassation du 12 mars 2020 (1) rappelle que lorsqu&rsquo;il est fond\u00e9 sur la d\u00e9cision de vendre le logement, le cong\u00e9 doit, \u00e0 peine de nullit\u00e9, indiquer le prix et les conditions de la vente projet\u00e9e. Ce qui n&rsquo;est pas le cas du cong\u00e9 qui oublie de mentionner le parking et la cave.<strong><u><\/u><\/strong><\/p>\n\n\n\n<p>Extrait de l&rsquo;arr\u00eat :<\/p>\n\n\n\n<p>\u00ab Vu l&rsquo;article 15-11 de la loi du 6 juillet 1989 ;<\/p>\n\n\n\n<p>Attendu que, lorsqu&rsquo;il est fond\u00e9 sur la d\u00e9cision de vendre le logement, le cong\u00e9 doit, \u00e0 peine de nullit\u00e9, indiquer le prix et les conditions de la vente projet\u00e9e ;<\/p>\n\n\n\n<p><a>[&#8230;]<\/a><\/p>\n\n\n\n<p>Qu&rsquo;en statuant ainsi, alors qu&rsquo;il appartenait aux bailleurs de faire conna\u00eetre \u00e0 la locataire les conditions de la vente projet\u00e9e pour le local pris \u00e0 bail, la cour d&rsquo;appel, qui a constat\u00e9 que le cong\u00e9 visait le logement donn\u00e9 \u00e0 bail mais ne faisait pas mention du parking et de la cave donn\u00e9s en location, a viol\u00e9 le texte susvis\u00e9 ; \u00bb<\/p>\n\n\n\n<p>(1) Cour de cassation, civile, Chambre civile 3,12 mars 2020,18-14.765<\/p>\n","protected":false},"excerpt":{"rendered":"<p>L&rsquo;arr\u00eat de la 3\u00e8me chambre civile de la Cour de cassation du 12 mars 2020 (1) rappelle que lorsqu&rsquo;il est fond\u00e9 sur la d\u00e9cision de vendre le logement, le cong\u00e9 doit, \u00e0 peine de nullit\u00e9, indiquer le prix et les conditions de la vente projet\u00e9e. Ce qui n&rsquo;est pas le cas du cong\u00e9 qui oublie &hellip; <a href=\"https:\/\/redon-rey.com\/index.php\/2020\/08\/29\/il-faut-rediger-correctement-le-conge-pour-vendre\/\" class=\"more-link\">Lire la suite<span class=\"screen-reader-text\"> \u00ab\u00a0IL FAUT REDIGER CORRECTEMENT LE CONGE POUR VENDRE\u00a0\u00bb<\/span><\/a><\/p>\n","protected":false},"author":1,"featured_media":0,"comment_status":"open","ping_status":"open","sticky":false,"template":"","format":"standard","meta":[],"categories":[4],"tags":[],"yoast_head":"<!-- This site is optimized with the Yoast SEO plugin v15.8 - https:\/\/yoast.com\/wordpress\/plugins\/seo\/ -->\n<title>IL FAUT REDIGER CORRECTEMENT LE CONGE POUR VENDRE - www.redon-rey.com<\/title>\n<meta name=\"robots\" content=\"index, follow, max-snippet:-1, max-image-preview:large, max-video-preview:-1\" \/>\n<link rel=\"canonical\" href=\"https:\/\/redon-rey.com\/index.php\/2020\/08\/29\/il-faut-rediger-correctement-le-conge-pour-vendre\/\" \/>\n<meta property=\"og:locale\" content=\"fr_FR\" \/>\n<meta property=\"og:type\" content=\"article\" \/>\n<meta property=\"og:title\" content=\"IL FAUT REDIGER CORRECTEMENT LE CONGE POUR VENDRE - www.redon-rey.com\" \/>\n<meta property=\"og:description\" content=\"L&rsquo;arr\u00eat de la 3\u00e8me chambre civile de la Cour de cassation du 12 mars 2020 (1) rappelle que lorsqu&rsquo;il est fond\u00e9 sur la d\u00e9cision de vendre le logement, le cong\u00e9 doit, \u00e0 peine de nullit\u00e9, indiquer le prix et les conditions de la vente projet\u00e9e. Ce qui n&rsquo;est pas le cas du cong\u00e9 qui oublie &hellip; Lire la suite &quot;IL FAUT REDIGER CORRECTEMENT LE CONGE POUR VENDRE&quot;\" \/>\n<meta property=\"og:url\" content=\"https:\/\/redon-rey.com\/index.php\/2020\/08\/29\/il-faut-rediger-correctement-le-conge-pour-vendre\/\" \/>\n<meta property=\"og:site_name\" content=\"www.redon-rey.com\" \/>\n<meta property=\"article:published_time\" content=\"2020-08-29T16:43:12+00:00\" \/>\n<meta property=\"article:modified_time\" content=\"2020-08-29T16:45:15+00:00\" \/>\n<meta name=\"twitter:card\" content=\"summary_large_image\" \/>\n<meta name=\"twitter:label1\" content=\"Dur\u00e9e de lecture est.\">\n\t<meta name=\"twitter:data1\" content=\"1 minute\">\n<script type=\"application\/ld+json\" class=\"yoast-schema-graph\">{\"@context\":\"https:\/\/schema.org\",\"@graph\":[{\"@type\":\"WebSite\",\"@id\":\"https:\/\/redon-rey.com\/#website\",\"url\":\"https:\/\/redon-rey.com\/\",\"name\":\"Cabinet d'avocat Redon-Rey\",\"description\":\"Cabinet Redon-Rey &amp; Lakehal\",\"potentialAction\":[{\"@type\":\"SearchAction\",\"target\":\"https:\/\/redon-rey.com\/?s={search_term_string}\",\"query-input\":\"required name=search_term_string\"}],\"inLanguage\":\"fr-FR\"},{\"@type\":\"WebPage\",\"@id\":\"https:\/\/redon-rey.com\/index.php\/2020\/08\/29\/il-faut-rediger-correctement-le-conge-pour-vendre\/#webpage\",\"url\":\"https:\/\/redon-rey.com\/index.php\/2020\/08\/29\/il-faut-rediger-correctement-le-conge-pour-vendre\/\",\"name\":\"IL FAUT REDIGER CORRECTEMENT LE CONGE POUR VENDRE - www.redon-rey.com\",\"isPartOf\":{\"@id\":\"https:\/\/redon-rey.com\/#website\"},\"datePublished\":\"2020-08-29T16:43:12+00:00\",\"dateModified\":\"2020-08-29T16:45:15+00:00\",\"author\":{\"@id\":\"https:\/\/redon-rey.com\/#\/schema\/person\/020c6aabc7ac812dda2c61d00bdd40af\"},\"breadcrumb\":{\"@id\":\"https:\/\/redon-rey.com\/index.php\/2020\/08\/29\/il-faut-rediger-correctement-le-conge-pour-vendre\/#breadcrumb\"},\"inLanguage\":\"fr-FR\",\"potentialAction\":[{\"@type\":\"ReadAction\",\"target\":[\"https:\/\/redon-rey.com\/index.php\/2020\/08\/29\/il-faut-rediger-correctement-le-conge-pour-vendre\/\"]}]},{\"@type\":\"BreadcrumbList\",\"@id\":\"https:\/\/redon-rey.com\/index.php\/2020\/08\/29\/il-faut-rediger-correctement-le-conge-pour-vendre\/#breadcrumb\",\"itemListElement\":[{\"@type\":\"ListItem\",\"position\":1,\"item\":{\"@type\":\"WebPage\",\"@id\":\"https:\/\/redon-rey.com\/\",\"url\":\"https:\/\/redon-rey.com\/\",\"name\":\"Accueil\"}},{\"@type\":\"ListItem\",\"position\":2,\"item\":{\"@type\":\"WebPage\",\"@id\":\"https:\/\/redon-rey.com\/index.php\/2020\/08\/29\/il-faut-rediger-correctement-le-conge-pour-vendre\/\",\"url\":\"https:\/\/redon-rey.com\/index.php\/2020\/08\/29\/il-faut-rediger-correctement-le-conge-pour-vendre\/\",\"name\":\"IL FAUT REDIGER CORRECTEMENT LE CONGE POUR VENDRE\"}}]},{\"@type\":\"Person\",\"@id\":\"https:\/\/redon-rey.com\/#\/schema\/person\/020c6aabc7ac812dda2c61d00bdd40af\",\"name\":\"admin\",\"image\":{\"@type\":\"ImageObject\",\"@id\":\"https:\/\/redon-rey.com\/#personlogo\",\"inLanguage\":\"fr-FR\",\"url\":\"https:\/\/secure.gravatar.com\/avatar\/39a71b93e7acce16cfdc5db98db4ebb0?s=96&d=mm&r=g\",\"caption\":\"admin\"},\"sameAs\":[\"http:\/\/redon-rey.com.optimal-it.fr\"]}]}<\/script>\n<!-- \/ Yoast SEO plugin. -->","_links":{"self":[{"href":"https:\/\/redon-rey.com\/index.php\/wp-json\/wp\/v2\/posts\/177"}],"collection":[{"href":"https:\/\/redon-rey.com\/index.php\/wp-json\/wp\/v2\/posts"}],"about":[{"href":"https:\/\/redon-rey.com\/index.php\/wp-json\/wp\/v2\/types\/post"}],"author":[{"embeddable":true,"href":"https:\/\/redon-rey.com\/index.php\/wp-json\/wp\/v2\/users\/1"}],"replies":[{"embeddable":true,"href":"https:\/\/redon-rey.com\/index.php\/wp-json\/wp\/v2\/comments?post=177"}],"version-history":[{"count":1,"href":"https:\/\/redon-rey.com\/index.php\/wp-json\/wp\/v2\/posts\/177\/revisions"}],"predecessor-version":[{"id":178,"href":"https:\/\/redon-rey.com\/index.php\/wp-json\/wp\/v2\/posts\/177\/revisions\/178"}],"wp:attachment":[{"href":"https:\/\/redon-rey.com\/index.php\/wp-json\/wp\/v2\/media?parent=177"}],"wp:term":[{"taxonomy":"category","embeddable":true,"href":"https:\/\/redon-rey.com\/index.php\/wp-json\/wp\/v2\/categories?post=177"},{"taxonomy":"post_tag","embeddable":true,"href":"https:\/\/redon-rey.com\/index.php\/wp-json\/wp\/v2\/tags?post=177"}],"curies":[{"name":"wp","href":"https:\/\/api.w.org\/{rel}","templated":true}]}}