{"id":181,"date":"2020-08-29T18:46:32","date_gmt":"2020-08-29T16:46:32","guid":{"rendered":"http:\/\/redon-rey.com.optimal-it.fr\/?p=181"},"modified":"2020-08-29T18:47:05","modified_gmt":"2020-08-29T16:47:05","slug":"aucune-des-reparations-locatives-occasionnee-par-la-vetustee-nest-a-la-charge-du-locataire","status":"publish","type":"post","link":"https:\/\/redon-rey.com\/index.php\/2020\/08\/29\/aucune-des-reparations-locatives-occasionnee-par-la-vetustee-nest-a-la-charge-du-locataire\/","title":{"rendered":"AUCUNE DES REPARATIONS LOCATIVES OCCASIONNEE PAR LA VETUSTEE N&rsquo;EST A LA CHARGE DU LOCATAIRE"},"content":{"rendered":"\n<p>La 3\u00e8me Chambre civile de la Cour de Cassation, dans un arr\u00eat du 26 mars 2020 a jug\u00e9 que sauf disposition expresse du bail, aucune des r\u00e9parations locatives occasionn\u00e9e par la v\u00e9tust\u00e9 n&rsquo;est \u00e0 la charge du locataire.<\/p>\n\n\n\n<ol type=\"1\"><li>Cour de cassation, civile, Chambre civile 3, 26 mars 2020,19-10.415, In\u00e9dit<\/li><\/ol>\n","protected":false},"excerpt":{"rendered":"<p>La 3\u00e8me Chambre civile de la Cour de Cassation, dans un arr\u00eat du 26 mars 2020 a jug\u00e9 que sauf disposition expresse du bail, aucune des r\u00e9parations locatives occasionn\u00e9e par la v\u00e9tust\u00e9 n&rsquo;est \u00e0 la charge du locataire. Cour de cassation, civile, Chambre civile 3, 26 mars 2020,19-10.415, In\u00e9dit<\/p>\n","protected":false},"author":1,"featured_media":0,"comment_status":"closed","ping_status":"closed","sticky":false,"template":"","format":"standard","meta":[],"categories":[4],"tags":[],"yoast_head":"<!-- This site is optimized with the Yoast SEO plugin v15.8 - https:\/\/yoast.com\/wordpress\/plugins\/seo\/ -->\n<title>AUCUNE DES REPARATIONS LOCATIVES OCCASIONNEE PAR LA VETUSTEE N&#039;EST A LA CHARGE DU LOCATAIRE - www.redon-rey.com<\/title>\n<meta name=\"robots\" content=\"index, follow, max-snippet:-1, max-image-preview:large, max-video-preview:-1\" \/>\n<link rel=\"canonical\" href=\"https:\/\/redon-rey.com\/index.php\/2020\/08\/29\/aucune-des-reparations-locatives-occasionnee-par-la-vetustee-nest-a-la-charge-du-locataire\/\" \/>\n<meta property=\"og:locale\" content=\"fr_FR\" \/>\n<meta property=\"og:type\" content=\"article\" \/>\n<meta property=\"og:title\" content=\"AUCUNE DES REPARATIONS LOCATIVES OCCASIONNEE PAR LA VETUSTEE N&#039;EST A LA CHARGE DU LOCATAIRE - www.redon-rey.com\" \/>\n<meta property=\"og:description\" content=\"La 3\u00e8me Chambre civile de la Cour de Cassation, dans un arr\u00eat du 26 mars 2020 a jug\u00e9 que sauf disposition expresse du bail, aucune des r\u00e9parations locatives occasionn\u00e9e par la v\u00e9tust\u00e9 n&rsquo;est \u00e0 la charge du locataire. Cour de cassation, civile, Chambre civile 3, 26 mars 2020,19-10.415, In\u00e9dit\" \/>\n<meta property=\"og:url\" content=\"https:\/\/redon-rey.com\/index.php\/2020\/08\/29\/aucune-des-reparations-locatives-occasionnee-par-la-vetustee-nest-a-la-charge-du-locataire\/\" \/>\n<meta property=\"og:site_name\" content=\"www.redon-rey.com\" \/>\n<meta property=\"article:published_time\" content=\"2020-08-29T16:46:32+00:00\" \/>\n<meta property=\"article:modified_time\" content=\"2020-08-29T16:47:05+00:00\" \/>\n<meta name=\"twitter:card\" content=\"summary_large_image\" \/>\n<script type=\"application\/ld+json\" class=\"yoast-schema-graph\">{\"@context\":\"https:\/\/schema.org\",\"@graph\":[{\"@type\":\"WebSite\",\"@id\":\"https:\/\/redon-rey.com\/#website\",\"url\":\"https:\/\/redon-rey.com\/\",\"name\":\"Cabinet d'avocat Redon-Rey\",\"description\":\"Cabinet Redon-Rey &amp; Lakehal\",\"potentialAction\":[{\"@type\":\"SearchAction\",\"target\":\"https:\/\/redon-rey.com\/?s={search_term_string}\",\"query-input\":\"required name=search_term_string\"}],\"inLanguage\":\"fr-FR\"},{\"@type\":\"WebPage\",\"@id\":\"https:\/\/redon-rey.com\/index.php\/2020\/08\/29\/aucune-des-reparations-locatives-occasionnee-par-la-vetustee-nest-a-la-charge-du-locataire\/#webpage\",\"url\":\"https:\/\/redon-rey.com\/index.php\/2020\/08\/29\/aucune-des-reparations-locatives-occasionnee-par-la-vetustee-nest-a-la-charge-du-locataire\/\",\"name\":\"AUCUNE DES REPARATIONS LOCATIVES OCCASIONNEE PAR LA VETUSTEE N'EST A LA CHARGE DU LOCATAIRE - www.redon-rey.com\",\"isPartOf\":{\"@id\":\"https:\/\/redon-rey.com\/#website\"},\"datePublished\":\"2020-08-29T16:46:32+00:00\",\"dateModified\":\"2020-08-29T16:47:05+00:00\",\"author\":{\"@id\":\"https:\/\/redon-rey.com\/#\/schema\/person\/020c6aabc7ac812dda2c61d00bdd40af\"},\"breadcrumb\":{\"@id\":\"https:\/\/redon-rey.com\/index.php\/2020\/08\/29\/aucune-des-reparations-locatives-occasionnee-par-la-vetustee-nest-a-la-charge-du-locataire\/#breadcrumb\"},\"inLanguage\":\"fr-FR\",\"potentialAction\":[{\"@type\":\"ReadAction\",\"target\":[\"https:\/\/redon-rey.com\/index.php\/2020\/08\/29\/aucune-des-reparations-locatives-occasionnee-par-la-vetustee-nest-a-la-charge-du-locataire\/\"]}]},{\"@type\":\"BreadcrumbList\",\"@id\":\"https:\/\/redon-rey.com\/index.php\/2020\/08\/29\/aucune-des-reparations-locatives-occasionnee-par-la-vetustee-nest-a-la-charge-du-locataire\/#breadcrumb\",\"itemListElement\":[{\"@type\":\"ListItem\",\"position\":1,\"item\":{\"@type\":\"WebPage\",\"@id\":\"https:\/\/redon-rey.com\/\",\"url\":\"https:\/\/redon-rey.com\/\",\"name\":\"Accueil\"}},{\"@type\":\"ListItem\",\"position\":2,\"item\":{\"@type\":\"WebPage\",\"@id\":\"https:\/\/redon-rey.com\/index.php\/2020\/08\/29\/aucune-des-reparations-locatives-occasionnee-par-la-vetustee-nest-a-la-charge-du-locataire\/\",\"url\":\"https:\/\/redon-rey.com\/index.php\/2020\/08\/29\/aucune-des-reparations-locatives-occasionnee-par-la-vetustee-nest-a-la-charge-du-locataire\/\",\"name\":\"AUCUNE DES REPARATIONS LOCATIVES OCCASIONNEE PAR LA VETUSTEE N&rsquo;EST A LA CHARGE DU LOCATAIRE\"}}]},{\"@type\":\"Person\",\"@id\":\"https:\/\/redon-rey.com\/#\/schema\/person\/020c6aabc7ac812dda2c61d00bdd40af\",\"name\":\"admin\",\"image\":{\"@type\":\"ImageObject\",\"@id\":\"https:\/\/redon-rey.com\/#personlogo\",\"inLanguage\":\"fr-FR\",\"url\":\"https:\/\/secure.gravatar.com\/avatar\/39a71b93e7acce16cfdc5db98db4ebb0?s=96&d=mm&r=g\",\"caption\":\"admin\"},\"sameAs\":[\"http:\/\/redon-rey.com.optimal-it.fr\"]}]}<\/script>\n<!-- \/ Yoast SEO plugin. -->","_links":{"self":[{"href":"https:\/\/redon-rey.com\/index.php\/wp-json\/wp\/v2\/posts\/181"}],"collection":[{"href":"https:\/\/redon-rey.com\/index.php\/wp-json\/wp\/v2\/posts"}],"about":[{"href":"https:\/\/redon-rey.com\/index.php\/wp-json\/wp\/v2\/types\/post"}],"author":[{"embeddable":true,"href":"https:\/\/redon-rey.com\/index.php\/wp-json\/wp\/v2\/users\/1"}],"replies":[{"embeddable":true,"href":"https:\/\/redon-rey.com\/index.php\/wp-json\/wp\/v2\/comments?post=181"}],"version-history":[{"count":1,"href":"https:\/\/redon-rey.com\/index.php\/wp-json\/wp\/v2\/posts\/181\/revisions"}],"predecessor-version":[{"id":182,"href":"https:\/\/redon-rey.com\/index.php\/wp-json\/wp\/v2\/posts\/181\/revisions\/182"}],"wp:attachment":[{"href":"https:\/\/redon-rey.com\/index.php\/wp-json\/wp\/v2\/media?parent=181"}],"wp:term":[{"taxonomy":"category","embeddable":true,"href":"https:\/\/redon-rey.com\/index.php\/wp-json\/wp\/v2\/categories?post=181"},{"taxonomy":"post_tag","embeddable":true,"href":"https:\/\/redon-rey.com\/index.php\/wp-json\/wp\/v2\/tags?post=181"}],"curies":[{"name":"wp","href":"https:\/\/api.w.org\/{rel}","templated":true}]}}